{"id":2729,"__str__":"Indica\u00e7\u00e3o n\u00ba 235 de 2025","link_detail_backend":"/materia/2729","metadata":{},"numero":235,"ano":2025,"numero_protocolo":452,"data_apresentacao":"2025-07-01","tipo_apresentacao":"","data_publicacao":null,"numero_origem_externa":"","ano_origem_externa":null,"data_origem_externa":null,"apelido":"","dias_prazo":null,"data_fim_prazo":null,"em_tramitacao":false,"polemica":false,"objeto":"","complementar":false,"ementa":"Indica \u00e0 Mesa, que seja encaminhado Of\u00edcio ao Prefeito do Munic\u00edpio, Sr. Marc\u00edlio R\u00e9gio Silveira da Costa, solicitando a cria\u00e7\u00e3o do Programa Municipal Facilitador de Acesso \u00e0s Tarifas Sociais de \u00c1gua, Esgoto e Energia, mediante articula\u00e7\u00e3o junto \u00e0 Compesa e \u00e0 BRK, bem como \u00e0 Neoenergia Pernambuco.","indexacao":"","observacao":"","resultado":"","texto_original":"http://sapl.goiana.pe.leg.br/media/sapl/public/materialegislativa/2025/2729/criacao_do_programa_municipal_facilitador_de_acesso_as_tarifas_sociais_de_agua_e_energia_-_protocolado.pdf","data_ultima_atualizacao":"2025-07-28T15:32:06.320513-03:00","ip":"45.237.219.18","ultima_edicao":"2025-07-02T11:12:11.417120-03:00","tipo":2,"regime_tramitacao":1,"tipo_origem_externa":null,"local_origem_externa":null,"user":35,"anexadas":[],"autores":[27]}