{"id":2850,"__str__":"Indica\u00e7\u00e3o n\u00ba 332 de 2025","link_detail_backend":"/materia/2850","metadata":{},"numero":332,"ano":2025,"numero_protocolo":579,"data_apresentacao":"2025-08-09","tipo_apresentacao":"","data_publicacao":null,"numero_origem_externa":"","ano_origem_externa":null,"data_origem_externa":null,"apelido":"","dias_prazo":null,"data_fim_prazo":null,"em_tramitacao":true,"polemica":false,"objeto":"","complementar":false,"ementa":"Indica \u00e0 Mesa, que seja encaminhado Of\u00edcio ao Prefeito do Munic\u00edpio, Sr. Marc\u00edlio R\u00e9gio Silveira da Costa, ratificando pedido para analisar a possibilidade, junto \u00e0 Secretaria de Sa\u00fade, de implantar uma Unidade B\u00e1sica de Sa\u00fade (UBS) na comunidade da Bela Vista, para atender \u00e0s localidades de Bela Vista I e Bela Vista II, em Goiana.","indexacao":"","observacao":"","resultado":"","texto_original":"http://sapl.goiana.pe.leg.br/media/sapl/public/materialegislativa/2025/2850/ubs_bela_vista_i_ii.docx","data_ultima_atualizacao":"2025-08-26T11:14:02.695103-03:00","ip":"45.237.219.18","ultima_edicao":"2025-08-26T11:14:02.522842-03:00","tipo":2,"regime_tramitacao":1,"tipo_origem_externa":null,"local_origem_externa":null,"user":35,"anexadas":[],"autores":[17]}