{"id":2881,"__str__":"Indica\u00e7\u00e3o n\u00ba 350 de 2025","link_detail_backend":"/materia/2881","metadata":{},"numero":350,"ano":2025,"numero_protocolo":605,"data_apresentacao":"2025-08-23","tipo_apresentacao":"","data_publicacao":null,"numero_origem_externa":"","ano_origem_externa":null,"data_origem_externa":null,"apelido":"","dias_prazo":null,"data_fim_prazo":null,"em_tramitacao":true,"polemica":false,"objeto":"","complementar":false,"ementa":"Indica \u00e0 Mesa, que seja enviado Of\u00edcio ao Prefeito do Munic\u00edpio, Sr. Marcilio R\u00e9gio Silveira da Costa,  pedindo que, atrav\u00e9s da Secretaria Municipal de Agricultura, Pesca e Meio Ambiente, seja solicitada junto ao Minist\u00e9rio da Agricultura e Pecu\u00e1ria a inclus\u00e3o de Goiana no CAF (Cadastro Nacional da Agricultura Familiar), conforme os termos da Indica\u00e7\u00e3o n\u00ba 321/2024 e solicita\u00e7\u00e3o de diversos agricultores de nosso munic\u00edpio.","indexacao":"","observacao":"","resultado":"","texto_original":"http://sapl.goiana.pe.leg.br/media/sapl/public/materialegislativa/2025/2881/camscanner_19-08-2025_12.06.pdf","data_ultima_atualizacao":"2025-08-24T07:53:06.595581-03:00","ip":"177.71.58.122","ultima_edicao":"2025-08-24T07:53:06.424938-03:00","tipo":2,"regime_tramitacao":1,"tipo_origem_externa":null,"local_origem_externa":null,"user":35,"anexadas":[],"autores":[11]}