{"id":2887,"__str__":"Indica\u00e7\u00e3o n\u00ba 355 de 2025","link_detail_backend":"/materia/2887","metadata":{"signs":{"texto_original":{"admin":[],"autores":[["Edson Andre da Silva",["2025-08-14T08:57:35-03:00","Gov-Br"]]]}}},"numero":355,"ano":2025,"numero_protocolo":611,"data_apresentacao":"2025-08-23","tipo_apresentacao":"","data_publicacao":null,"numero_origem_externa":"","ano_origem_externa":null,"data_origem_externa":null,"apelido":"","dias_prazo":null,"data_fim_prazo":null,"em_tramitacao":true,"polemica":false,"objeto":"","complementar":false,"ementa":"Indica \u00e0 Mesa, que seja encaminhado Of\u00edcio ao Prefeito do Munic\u00edpio de Goiana, Sr. Marc\u00edlio R\u00e9gio Silveira da Costa, sugerindo a amplia\u00e7\u00e3o da Unidade B\u00e1sica de Sa\u00fade (UBS) de Flexeiras, de modo que passe a ser classificada como UBS Tipo 2, garantindo maior capacidade de atendimento, infraestrutura adequada e amplia\u00e7\u00e3o dos servi\u00e7os ofertados \u00e0 popula\u00e7\u00e3o da localidade.","indexacao":"","observacao":"","resultado":"","texto_original":"http://sapl.goiana.pe.leg.br/media/sapl/public/materialegislativa/2025/2887/indicacao_ubs_assinado.pdf","data_ultima_atualizacao":"2025-08-24T08:29:17.407389-03:00","ip":"177.71.58.122","ultima_edicao":"2025-08-24T08:29:17.141036-03:00","tipo":2,"regime_tramitacao":1,"tipo_origem_externa":null,"local_origem_externa":null,"user":35,"anexadas":[],"autores":[7]}