{"id":325,"__str__":"Indica\u00e7\u00e3o n\u00ba 79 de 2021","link_detail_backend":"/materia/325","metadata":{},"numero":79,"ano":2021,"numero_protocolo":null,"data_apresentacao":"2021-02-24","tipo_apresentacao":"E","data_publicacao":null,"numero_origem_externa":"","ano_origem_externa":null,"data_origem_externa":null,"apelido":"","dias_prazo":null,"data_fim_prazo":null,"em_tramitacao":false,"polemica":false,"objeto":"","complementar":false,"ementa":"Indica\u00e7\u00e3o que disp\u00f5e que seja encaminhada ao Exmo.\r\nSenhor Eduardo Hon\u00f3rio Carneiro, prefeito do Munic\u00edpio de Goiana, atrav\u00e9s da Secretaria de Pol\u00edticas Sociais e Desportos na pessoa da Sra. Christiana de Lima Pereira Pessoa of\u00edcio solicitando provid\u00eancias para a Inscri\u00e7\u00e3o do Munic\u00edpio no Programa Casa Verde e Amarela proposto pela Medida Provis\u00f3ria n.\u00b0 996, de 25 de agosto de 2020.","indexacao":"","observacao":"","resultado":"","texto_original":"http://sapl.goiana.pe.leg.br/media/sapl/public/materialegislativa/2021/325/079_indicacao_079_2021.pdf","data_ultima_atualizacao":"2024-05-20T09:24:16.833710-03:00","ip":"168.181.224.45","ultima_edicao":"2022-05-12T11:04:08.960949-03:00","tipo":2,"regime_tramitacao":1,"tipo_origem_externa":null,"local_origem_externa":null,"user":2,"anexadas":[],"autores":[18]}