{"id":400,"__str__":"Indica\u00e7\u00e3o n\u00ba 106 de 2021","link_detail_backend":"/materia/400","metadata":{},"numero":106,"ano":2021,"numero_protocolo":null,"data_apresentacao":"2021-03-09","tipo_apresentacao":"E","data_publicacao":null,"numero_origem_externa":"","ano_origem_externa":null,"data_origem_externa":null,"apelido":"","dias_prazo":null,"data_fim_prazo":null,"em_tramitacao":false,"polemica":false,"objeto":"","complementar":false,"ementa":"Indica\u00e7\u00e3o que disp\u00f5e que seja oficiado ao Prefeito desta Munic\u00edpio Senhor Eduardo Hon\u00f3rio Carneiro, que sejam inclu\u00eddos como prioridade na vacina\u00e7\u00e3o contra o CORONAV\u00cdRUS - COVID 19, os funcion\u00e1rios e volunt\u00e1rios, que prestam seus servi\u00e7os profissionais no Abrigo S\u00e3o Jos\u00e9, desta Cidade, os quais p\u00f5em em risco suas vidas, uma vez que tamb\u00e9m se encontram, no grupo de risco.","indexacao":"","observacao":"","resultado":"","texto_original":"http://sapl.goiana.pe.leg.br/media/sapl/public/materialegislativa/2021/400/103_indicacao_106_2021.pdf","data_ultima_atualizacao":"2024-05-20T09:24:20.277331-03:00","ip":"177.75.120.243","ultima_edicao":"2022-05-18T10:02:34.504088-03:00","tipo":2,"regime_tramitacao":1,"tipo_origem_externa":null,"local_origem_externa":null,"user":49,"anexadas":[],"autores":[20,14,18,19,10,9,13,7,17,8,21,15,11,16,12]}