{"id":465,"__str__":"Indica\u00e7\u00e3o n\u00ba 171 de 2021","link_detail_backend":"/materia/465","metadata":{},"numero":171,"ano":2021,"numero_protocolo":null,"data_apresentacao":"2021-03-03","tipo_apresentacao":"E","data_publicacao":null,"numero_origem_externa":"","ano_origem_externa":null,"data_origem_externa":null,"apelido":"","dias_prazo":null,"data_fim_prazo":null,"em_tramitacao":false,"polemica":false,"objeto":"","complementar":false,"ementa":"Indica\u00e7\u00e3o que disp\u00f5e que seja oficiado ao Prefeito desta Munic\u00edpio, Senhor Eduardo Hon\u00f3rio Carneiro, seja realizada a reforma e amplia\u00e7\u00e3o da Pra\u00e7a Ricardo Essinger, situada defronte \u00e0 Igreja Cat\u00f3lica do distrito de Tejucupapo, neste Munic\u00edpio, a qual necessita ser recuperada e ampliada com a brevidade poss\u00edvel, considerando o estado vis\u00edvel em que a referida pra\u00e7a se encontra.","indexacao":"","observacao":"","resultado":"","texto_original":"http://sapl.goiana.pe.leg.br/media/sapl/public/materialegislativa/2021/465/168_indicacao_171_2021.pdf","data_ultima_atualizacao":"2024-05-20T09:24:29.487283-03:00","ip":"177.75.120.243","ultima_edicao":"2022-05-18T19:56:00.320304-03:00","tipo":2,"regime_tramitacao":1,"tipo_origem_externa":null,"local_origem_externa":null,"user":49,"anexadas":[],"autores":[19]}