{"id":465,"__str__":"PORT N\u00ba 213/2021 - Portaria","link_detail_backend":"/docadm/465","metadata":{},"numero":213,"complemento":"","ano":2021,"data":"2021-04-08","interessado":"","dias_prazo":null,"data_fim_prazo":null,"tramitacao":false,"assunto":"Fica decretado luto oficial, na C\u00e2mara Municipal de Goiana, por 03 (tr\u00eas) dias consecutivos, a contar desta data; per\u00edodo em que a bandeira de Goiana, no pr\u00e9dio deste Poder Legislativo, dever\u00e1 ser hasteada em meio mastro.","numero_externo":null,"observacao":"","texto_integral":"http://sapl.goiana.pe.leg.br/media/sapl/private/documentoadministrativo/465/portaria_-_213-2021_-_luto_oficial.pdf","restrito":false,"ip":"131.100.21.242","ultima_edicao":"2022-06-08T09:51:32.940831-03:00","tipo":2,"protocolo":null,"autor":null,"user":2,"anexados":[],"materiasvinculadas":[]}